{"id":5677,"date":"2022-01-20T15:18:57","date_gmt":"2022-01-20T13:18:57","guid":{"rendered":"https:\/\/wastepickers.eu\/?p=5677"},"modified":"2025-03-21T17:07:28","modified_gmt":"2025-03-21T15:07:28","slug":"snam-lance-la-fabrication-de-batteries-recyclees","status":"publish","type":"post","link":"https:\/\/wastepickers.eu\/el\/snam-lance-la-fabrication-de-batteries-recyclees\/","title":{"rendered":"SNAM lance la fabrication de batteries recycl\u00e9es"},"content":{"rendered":"<div class=\"sc-aamjrj-0 sc-15kkmyk-0 sc-cyue7g-2 csPKks iUChiS\">\n<header class=\"sc-cyue7g-0 eYMWxn\">\n<p class=\"sc-14kwckt-6 sc-1ohdft1-0 hqULrA bISRZO\">La Soci\u00e9t\u00e9 nouvelle d&#8217;affinage des m\u00e9taux (SNAM) va investir 20 millions d&#8217;euros dans une usine d&#8217;accumulateurs fabriqu\u00e9s avec les composants des batteries us\u00e9es \u00e0 Decazeville (Aveyron). Le site devrait compter 80 salari\u00e9s fin 2022. Leader europ\u00e9en du recyclage des m\u00e9taux des batteries usag\u00e9es, l&#8217;entreprise a d\u00e9j\u00e0 ouvert une ligne pilote de batteries stationnaires au lithium.<\/p>\n<\/header>\n<\/div>\n<div class=\"sc-aamjrj-0 sc-15kkmyk-0 csPKks\">\n<div class=\"sc-1dyubqu-0 kWUJEe\">\n<figure class=\"sc-14kwckt-21 sc-12l15dn-1 kFdWlD evdsDp\">\n<div class=\"sc-5oblao-1 yxVff\">\n<div class=\"sc-aamjrj-0 sc-rizxew-0 doRQdD jqGSCF sc-of6wlx-0 iAxcvF\"><picture class=\"sc-1qf2dxr-0 gqQzOO sc-d0u0l9-0 cfAET\"><source class=\"sc-1qf2dxr-1 lobItS\" srcset=\"https:\/\/media.lesechos.com\/api\/v1\/images\/view\/61de94643e45465c5a461e27\/1280x720-webp\/070624415715-web-tete.webp 1280w, https:\/\/media.lesechos.com\/api\/v1\/images\/view\/61de94643e45465c5a461e27\/1024x576-webp\/070624415715-web-tete.webp 1024w, https:\/\/media.lesechos.com\/api\/v1\/images\/view\/61de94643e45465c5a461e27\/976x549-webp\/070624415715-web-tete.webp 976w, https:\/\/media.lesechos.com\/api\/v1\/images\/view\/61de94643e45465c5a461e27\/640x360-webp\/070624415715-web-tete.webp 640w, https:\/\/media.lesechos.com\/api\/v1\/images\/view\/61de94643e45465c5a461e27\/608x342-webp\/070624415715-web-tete.webp 608w, https:\/\/media.lesechos.com\/api\/v1\/images\/view\/61de94643e45465c5a461e27\/320x180-webp\/070624415715-web-tete.webp 320w, https:\/\/media.lesechos.com\/api\/v1\/images\/view\/61de94643e45465c5a461e27\/240x135-webp\/070624415715-web-tete.webp 240w, https:\/\/media.lesechos.com\/api\/v1\/images\/view\/61de94643e45465c5a461e27\/160x90-webp\/070624415715-web-tete.webp 160w, https:\/\/media.lesechos.com\/api\/v1\/images\/view\/61de94643e45465c5a461e27\/144x81-webp\/070624415715-web-tete.webp 144w\" type=\"image\/webp\" sizes=\"(max-width: 1280px) 100vw, 1280px\" \/><source class=\"sc-1qf2dxr-1 lobItS\" srcset=\"https:\/\/media.lesechos.com\/api\/v1\/images\/view\/61de94643e45465c5a461e27\/1280x720\/070624415715-web-tete.jpg 1280w, https:\/\/media.lesechos.com\/api\/v1\/images\/view\/61de94643e45465c5a461e27\/1024x576\/070624415715-web-tete.jpg 1024w, https:\/\/media.lesechos.com\/api\/v1\/images\/view\/61de94643e45465c5a461e27\/976x549\/070624415715-web-tete.jpg 976w, https:\/\/media.lesechos.com\/api\/v1\/images\/view\/61de94643e45465c5a461e27\/640x360\/070624415715-web-tete.jpg 640w, https:\/\/media.lesechos.com\/api\/v1\/images\/view\/61de94643e45465c5a461e27\/608x342\/070624415715-web-tete.jpg 608w, https:\/\/media.lesechos.com\/api\/v1\/images\/view\/61de94643e45465c5a461e27\/320x180\/070624415715-web-tete.jpg 320w, https:\/\/media.lesechos.com\/api\/v1\/images\/view\/61de94643e45465c5a461e27\/240x135\/070624415715-web-tete.jpg 240w, https:\/\/media.lesechos.com\/api\/v1\/images\/view\/61de94643e45465c5a461e27\/160x90\/070624415715-web-tete.jpg 160w, https:\/\/media.lesechos.com\/api\/v1\/images\/view\/61de94643e45465c5a461e27\/144x81\/070624415715-web-tete.jpg 144w\" type=\"image\/jpg\" sizes=\"(max-width: 1280px) 100vw, 1280px\" \/><img decoding=\"async\" class=\"sc-14kwckt-20 jbUOvW\" src=\"https:\/\/media.lesechos.com\/api\/v1\/images\/view\/61de94643e45465c5a461e27\/1280x720\/070624415715-web-tete.jpg\" alt=\"La SNAM retraite des milliers de tonnes par an d'accumulateurs d'appareils portables, d'engins industriels et de v\u00e9hicules hybrides et \u00e9lectriques.\" \/><\/picture><\/div>\n<\/div><figcaption class=\"sc-12l15dn-0 gsLaaY\">La SNAM retraite des milliers de tonnes par an d&#8217;accumulateurs d&#8217;appareils portables, d&#8217;engins industriels et de v\u00e9hicules hybrides et \u00e9lectriques. (DR)<\/figcaption><\/figure>\n<\/div>\n<div class=\"sc-aamjrj-0 iofnvD\">\n<div class=\"sc-aamjrj-0 sc-xiy60q-0 fxhYDt\">\n<div class=\"sc-1mpwnru-0 gVhAOM\">\n<p class=\"sc-14kwckt-6 sc-1ohdft1-0 kQDkSE iKZaAf\">Par\u00a0<a class=\"sc-1oe11kk-0 cgxVSb\" href=\"https:\/\/www.lesechos.fr\/@laurent-marcaillou\">Laurent Marcaillou<\/a><\/p>\n<div class=\"sc-aamjrj-0 sc-1i0ieo8-1 dkrURX fpPGHn\"><span class=\"sc-1i0ieo8-0 cydQRA\">Publi\u00e9 le 12 janv. 2022 \u00e0 9:40<\/span><\/div>\n<div class=\"sc-1r87fjh-0 ciyxPu post-paywall\">\n<p class=\"sc-14kwckt-6 kQDkSE\">La Soci\u00e9t\u00e9 nouvelle d&#8217;affinage des m\u00e9taux (SNAM) \u00e0 Viviez, dans l&#8217;Aveyron, fabrique des nouvelles batteries avec les anciennes. Le holding SNAM Groupe, d\u00e9tenu \u00e0 57\u00a0% par le groupe belge Floridienne, vient de lever 10\u00a0millions d&#8217;euros aupr\u00e8s du fonds allemand LHF en \u00e9change de 20\u00a0% du capital, pour d\u00e9velopper cette activit\u00e9 qui pourrait \u00ab\u00a0employer 600 personnes dans six ans\u00a0\u00bb, selon son pr\u00e9sident Eric Nottez. Elle pr\u00e9voit de lever la m\u00eame somme en emprunts.<\/p>\n<p>https:\/\/www.lesechos.fr\/pme-regions\/occitanie\/snam-lance-la-fabrication-de-batteries-recyclees-1378509<\/p>\n<\/div>\n<\/div>\n<\/div>\n<\/div>\n<\/div>\n","protected":false},"excerpt":{"rendered":"<p>La Soci\u00e9t\u00e9 nouvelle d&#8217;affinage des m\u00e9taux (SNAM) va investir 20 millions d&#8217;euros dans une usine d&#8217;accumulateurs fabriqu\u00e9s avec les composants des batteries us\u00e9es \u00e0 Decazeville (Aveyron). Le site devrait compter [&hellip;]<\/p>\n","protected":false},"author":2,"featured_media":0,"comment_status":"closed","ping_status":"open","sticky":false,"template":"","format":"standard","meta":{"footnotes":""},"categories":[21,25],"tags":[],"class_list":["post-5677","post","type-post","status-publish","format-standard","hentry","category-news","category-technology"],"yoast_head":"<!-- This site is optimized with the Yoast SEO plugin v26.0 - https:\/\/yoast.com\/wordpress\/plugins\/seo\/ -->\n<title>SNAM lance la fabrication de batteries recycl\u00e9es - WA.MBO<\/title>\n<meta name=\"robots\" content=\"index, follow, max-snippet:-1, max-image-preview:large, max-video-preview:-1\" \/>\n<link rel=\"canonical\" href=\"https:\/\/wastepickers.eu\/snam-lance-la-fabrication-de-batteries-recyclees\/\" \/>\n<meta property=\"og:locale\" content=\"el_GR\" \/>\n<meta property=\"og:type\" content=\"article\" \/>\n<meta property=\"og:title\" content=\"SNAM lance la fabrication de batteries recycl\u00e9es - WA.MBO\" \/>\n<meta property=\"og:description\" content=\"La Soci\u00e9t\u00e9 nouvelle d&#8217;affinage des m\u00e9taux (SNAM) va investir 20 millions d&#8217;euros dans une usine d&#8217;accumulateurs fabriqu\u00e9s avec les composants des batteries us\u00e9es \u00e0 Decazeville (Aveyron). Le site devrait compter [&hellip;]\" \/>\n<meta property=\"og:url\" content=\"https:\/\/wastepickers.eu\/snam-lance-la-fabrication-de-batteries-recyclees\/\" \/>\n<meta property=\"og:site_name\" content=\"WA.MBO\" \/>\n<meta property=\"article:published_time\" content=\"2022-01-20T13:18:57+00:00\" \/>\n<meta property=\"article:modified_time\" content=\"2025-03-21T15:07:28+00:00\" \/>\n<meta property=\"og:image\" content=\"https:\/\/media.lesechos.com\/api\/v1\/images\/view\/61de94643e45465c5a461e27\/1280x720\/070624415715-web-tete.jpg\" \/>\n<meta name=\"author\" content=\"WA.MBO member\" \/>\n<meta name=\"twitter:card\" content=\"summary_large_image\" \/>\n<meta name=\"twitter:label1\" content=\"\u03a3\u03c5\u03bd\u03c4\u03ac\u03c7\u03b8\u03b7\u03ba\u03b5 \u03b1\u03c0\u03cc\" \/>\n\t<meta name=\"twitter:data1\" content=\"WA.MBO member\" \/>\n\t<meta name=\"twitter:label2\" content=\"\u0395\u03ba\u03c4\u03b9\u03bc\u03ce\u03bc\u03b5\u03bd\u03bf\u03c2 \u03c7\u03c1\u03cc\u03bd\u03bf\u03c2 \u03b1\u03bd\u03ac\u03b3\u03bd\u03c9\u03c3\u03b7\u03c2\" \/>\n\t<meta name=\"twitter:data2\" content=\"1 \u03bb\u03b5\u03c0\u03c4\u03cc\" \/>\n<script type=\"application\/ld+json\" class=\"yoast-schema-graph\">{\"@context\":\"https:\/\/schema.org\",\"@graph\":[{\"@type\":\"WebPage\",\"@id\":\"https:\/\/wastepickers.eu\/snam-lance-la-fabrication-de-batteries-recyclees\/\",\"url\":\"https:\/\/wastepickers.eu\/snam-lance-la-fabrication-de-batteries-recyclees\/\",\"name\":\"SNAM lance la fabrication de batteries recycl\u00e9es - WA.MBO\",\"isPartOf\":{\"@id\":\"https:\/\/wastepickers.eu\/#website\"},\"primaryImageOfPage\":{\"@id\":\"https:\/\/wastepickers.eu\/snam-lance-la-fabrication-de-batteries-recyclees\/#primaryimage\"},\"image\":{\"@id\":\"https:\/\/wastepickers.eu\/snam-lance-la-fabrication-de-batteries-recyclees\/#primaryimage\"},\"thumbnailUrl\":\"https:\/\/media.lesechos.com\/api\/v1\/images\/view\/61de94643e45465c5a461e27\/1280x720\/070624415715-web-tete.jpg\",\"datePublished\":\"2022-01-20T13:18:57+00:00\",\"dateModified\":\"2025-03-21T15:07:28+00:00\",\"author\":{\"@id\":\"https:\/\/wastepickers.eu\/#\/schema\/person\/e574e9b63682692f50d70ec239a0b251\"},\"breadcrumb\":{\"@id\":\"https:\/\/wastepickers.eu\/snam-lance-la-fabrication-de-batteries-recyclees\/#breadcrumb\"},\"inLanguage\":\"el\",\"potentialAction\":[{\"@type\":\"ReadAction\",\"target\":[\"https:\/\/wastepickers.eu\/snam-lance-la-fabrication-de-batteries-recyclees\/\"]}]},{\"@type\":\"ImageObject\",\"inLanguage\":\"el\",\"@id\":\"https:\/\/wastepickers.eu\/snam-lance-la-fabrication-de-batteries-recyclees\/#primaryimage\",\"url\":\"https:\/\/media.lesechos.com\/api\/v1\/images\/view\/61de94643e45465c5a461e27\/1280x720\/070624415715-web-tete.jpg\",\"contentUrl\":\"https:\/\/media.lesechos.com\/api\/v1\/images\/view\/61de94643e45465c5a461e27\/1280x720\/070624415715-web-tete.jpg\"},{\"@type\":\"BreadcrumbList\",\"@id\":\"https:\/\/wastepickers.eu\/snam-lance-la-fabrication-de-batteries-recyclees\/#breadcrumb\",\"itemListElement\":[{\"@type\":\"ListItem\",\"position\":1,\"name\":\"Home\",\"item\":\"https:\/\/wastepickers.eu\/el\/\"},{\"@type\":\"ListItem\",\"position\":2,\"name\":\"SNAM lance la fabrication de batteries recycl\u00e9es\"}]},{\"@type\":\"WebSite\",\"@id\":\"https:\/\/wastepickers.eu\/#website\",\"url\":\"https:\/\/wastepickers.eu\/\",\"name\":\"WA.MBO\",\"description\":\"Environmental NGO\",\"potentialAction\":[{\"@type\":\"SearchAction\",\"target\":{\"@type\":\"EntryPoint\",\"urlTemplate\":\"https:\/\/wastepickers.eu\/?s={search_term_string}\"},\"query-input\":{\"@type\":\"PropertyValueSpecification\",\"valueRequired\":true,\"valueName\":\"search_term_string\"}}],\"inLanguage\":\"el\"},{\"@type\":\"Person\",\"@id\":\"https:\/\/wastepickers.eu\/#\/schema\/person\/e574e9b63682692f50d70ec239a0b251\",\"name\":\"WA.MBO member\",\"image\":{\"@type\":\"ImageObject\",\"inLanguage\":\"el\",\"@id\":\"https:\/\/wastepickers.eu\/#\/schema\/person\/image\/\",\"url\":\"https:\/\/secure.gravatar.com\/avatar\/245b9a26130dcdb5ba0dc505d4406454532c0cbd96e87d84987bdfd5d90e06e2?s=96&d=mm&r=g\",\"contentUrl\":\"https:\/\/secure.gravatar.com\/avatar\/245b9a26130dcdb5ba0dc505d4406454532c0cbd96e87d84987bdfd5d90e06e2?s=96&d=mm&r=g\",\"caption\":\"WA.MBO member\"},\"url\":\"https:\/\/wastepickers.eu\/el\/author\/stroformi2015gmail-com\/\"}]}<\/script>\n<!-- \/ Yoast SEO plugin. -->","yoast_head_json":{"title":"SNAM lance la fabrication de batteries recycl\u00e9es - WA.MBO","robots":{"index":"index","follow":"follow","max-snippet":"max-snippet:-1","max-image-preview":"max-image-preview:large","max-video-preview":"max-video-preview:-1"},"canonical":"https:\/\/wastepickers.eu\/snam-lance-la-fabrication-de-batteries-recyclees\/","og_locale":"el_GR","og_type":"article","og_title":"SNAM lance la fabrication de batteries recycl\u00e9es - WA.MBO","og_description":"La Soci\u00e9t\u00e9 nouvelle d&#8217;affinage des m\u00e9taux (SNAM) va investir 20 millions d&#8217;euros dans une usine d&#8217;accumulateurs fabriqu\u00e9s avec les composants des batteries us\u00e9es \u00e0 Decazeville (Aveyron). Le site devrait compter [&hellip;]","og_url":"https:\/\/wastepickers.eu\/snam-lance-la-fabrication-de-batteries-recyclees\/","og_site_name":"WA.MBO","article_published_time":"2022-01-20T13:18:57+00:00","article_modified_time":"2025-03-21T15:07:28+00:00","og_image":[{"url":"https:\/\/media.lesechos.com\/api\/v1\/images\/view\/61de94643e45465c5a461e27\/1280x720\/070624415715-web-tete.jpg","type":"","width":"","height":""}],"author":"WA.MBO member","twitter_card":"summary_large_image","twitter_misc":{"\u03a3\u03c5\u03bd\u03c4\u03ac\u03c7\u03b8\u03b7\u03ba\u03b5 \u03b1\u03c0\u03cc":"WA.MBO member","\u0395\u03ba\u03c4\u03b9\u03bc\u03ce\u03bc\u03b5\u03bd\u03bf\u03c2 \u03c7\u03c1\u03cc\u03bd\u03bf\u03c2 \u03b1\u03bd\u03ac\u03b3\u03bd\u03c9\u03c3\u03b7\u03c2":"1 \u03bb\u03b5\u03c0\u03c4\u03cc"},"schema":{"@context":"https:\/\/schema.org","@graph":[{"@type":"WebPage","@id":"https:\/\/wastepickers.eu\/snam-lance-la-fabrication-de-batteries-recyclees\/","url":"https:\/\/wastepickers.eu\/snam-lance-la-fabrication-de-batteries-recyclees\/","name":"SNAM lance la fabrication de batteries recycl\u00e9es - WA.MBO","isPartOf":{"@id":"https:\/\/wastepickers.eu\/#website"},"primaryImageOfPage":{"@id":"https:\/\/wastepickers.eu\/snam-lance-la-fabrication-de-batteries-recyclees\/#primaryimage"},"image":{"@id":"https:\/\/wastepickers.eu\/snam-lance-la-fabrication-de-batteries-recyclees\/#primaryimage"},"thumbnailUrl":"https:\/\/media.lesechos.com\/api\/v1\/images\/view\/61de94643e45465c5a461e27\/1280x720\/070624415715-web-tete.jpg","datePublished":"2022-01-20T13:18:57+00:00","dateModified":"2025-03-21T15:07:28+00:00","author":{"@id":"https:\/\/wastepickers.eu\/#\/schema\/person\/e574e9b63682692f50d70ec239a0b251"},"breadcrumb":{"@id":"https:\/\/wastepickers.eu\/snam-lance-la-fabrication-de-batteries-recyclees\/#breadcrumb"},"inLanguage":"el","potentialAction":[{"@type":"ReadAction","target":["https:\/\/wastepickers.eu\/snam-lance-la-fabrication-de-batteries-recyclees\/"]}]},{"@type":"ImageObject","inLanguage":"el","@id":"https:\/\/wastepickers.eu\/snam-lance-la-fabrication-de-batteries-recyclees\/#primaryimage","url":"https:\/\/media.lesechos.com\/api\/v1\/images\/view\/61de94643e45465c5a461e27\/1280x720\/070624415715-web-tete.jpg","contentUrl":"https:\/\/media.lesechos.com\/api\/v1\/images\/view\/61de94643e45465c5a461e27\/1280x720\/070624415715-web-tete.jpg"},{"@type":"BreadcrumbList","@id":"https:\/\/wastepickers.eu\/snam-lance-la-fabrication-de-batteries-recyclees\/#breadcrumb","itemListElement":[{"@type":"ListItem","position":1,"name":"Home","item":"https:\/\/wastepickers.eu\/el\/"},{"@type":"ListItem","position":2,"name":"SNAM lance la fabrication de batteries recycl\u00e9es"}]},{"@type":"WebSite","@id":"https:\/\/wastepickers.eu\/#website","url":"https:\/\/wastepickers.eu\/","name":"WA.MBO","description":"Environmental NGO","potentialAction":[{"@type":"SearchAction","target":{"@type":"EntryPoint","urlTemplate":"https:\/\/wastepickers.eu\/?s={search_term_string}"},"query-input":{"@type":"PropertyValueSpecification","valueRequired":true,"valueName":"search_term_string"}}],"inLanguage":"el"},{"@type":"Person","@id":"https:\/\/wastepickers.eu\/#\/schema\/person\/e574e9b63682692f50d70ec239a0b251","name":"WA.MBO member","image":{"@type":"ImageObject","inLanguage":"el","@id":"https:\/\/wastepickers.eu\/#\/schema\/person\/image\/","url":"https:\/\/secure.gravatar.com\/avatar\/245b9a26130dcdb5ba0dc505d4406454532c0cbd96e87d84987bdfd5d90e06e2?s=96&d=mm&r=g","contentUrl":"https:\/\/secure.gravatar.com\/avatar\/245b9a26130dcdb5ba0dc505d4406454532c0cbd96e87d84987bdfd5d90e06e2?s=96&d=mm&r=g","caption":"WA.MBO member"},"url":"https:\/\/wastepickers.eu\/el\/author\/stroformi2015gmail-com\/"}]}},"_links":{"self":[{"href":"https:\/\/wastepickers.eu\/el\/wp-json\/wp\/v2\/posts\/5677","targetHints":{"allow":["GET"]}}],"collection":[{"href":"https:\/\/wastepickers.eu\/el\/wp-json\/wp\/v2\/posts"}],"about":[{"href":"https:\/\/wastepickers.eu\/el\/wp-json\/wp\/v2\/types\/post"}],"author":[{"embeddable":true,"href":"https:\/\/wastepickers.eu\/el\/wp-json\/wp\/v2\/users\/2"}],"replies":[{"embeddable":true,"href":"https:\/\/wastepickers.eu\/el\/wp-json\/wp\/v2\/comments?post=5677"}],"version-history":[{"count":1,"href":"https:\/\/wastepickers.eu\/el\/wp-json\/wp\/v2\/posts\/5677\/revisions"}],"predecessor-version":[{"id":5678,"href":"https:\/\/wastepickers.eu\/el\/wp-json\/wp\/v2\/posts\/5677\/revisions\/5678"}],"wp:attachment":[{"href":"https:\/\/wastepickers.eu\/el\/wp-json\/wp\/v2\/media?parent=5677"}],"wp:term":[{"taxonomy":"category","embeddable":true,"href":"https:\/\/wastepickers.eu\/el\/wp-json\/wp\/v2\/categories?post=5677"},{"taxonomy":"post_tag","embeddable":true,"href":"https:\/\/wastepickers.eu\/el\/wp-json\/wp\/v2\/tags?post=5677"}],"curies":[{"name":"wp","href":"https:\/\/api.w.org\/{rel}","templated":true}]}}